[{"@context":"https:\/\/schema.org\/","@type":"Article","@id":"https:\/\/www.bezhlavi.cz\/ani-v-zime-nezapominejte-hyckat-vasi-zahradu\/#Article","mainEntityOfPage":"https:\/\/www.bezhlavi.cz\/ani-v-zime-nezapominejte-hyckat-vasi-zahradu\/","headline":"Ani v zim\u011b nezapom\u00ednejte h\u00fd\u010dkat va\u0161i zahradu!","name":"Ani v zim\u011b nezapom\u00ednejte h\u00fd\u010dkat va\u0161i zahradu!","description":"&#13; ST\u00ddSK\u00c1 SE V\u00c1M V ZIM\u011a PO VA\u0160\u00cd ZAHR\u00c1DCE? &#13; &#13; Ani v tomto ro\u010dn\u00edm obdob\u00ed ji nemus\u00edte \u00fapln\u011b pustit ze z\u0159etele, pokud u\u017e se nem\u016f\u017eete do\u010dkat jej\u00edho jarn\u00edho probuzen\u00ed. &#13; &#13; Proch\u00e1z\u00edte-li zahradou v zim\u011b, kde chyb\u00ed sn\u00edh a teploty jsou nad nulou, m\u016f\u017eete zal\u00e9vat st\u00e1le zelen\u00e9 jehli\u010dnany a ve\u0161ker\u00e9 stromy i kdy\u017e n\u011bkter\u00e9 [&hellip;]","datePublished":"2023-05-06","dateModified":"2023-05-06","author":{"@type":"Person","@id":"https:\/\/www.bezhlavi.cz\/author\/#Person","name":"","url":"https:\/\/www.bezhlavi.cz\/author\/","identifier":1,"image":{"@type":"ImageObject","@id":"https:\/\/secure.gravatar.com\/avatar\/89f417dfbb336d235b856435ef935ffa51c2f646edc1f5c4e6fccf32a9c88173?s=96&d=mm&r=g","url":"https:\/\/secure.gravatar.com\/avatar\/89f417dfbb336d235b856435ef935ffa51c2f646edc1f5c4e6fccf32a9c88173?s=96&d=mm&r=g","height":96,"width":96}},"publisher":{"@type":"Organization","name":"bezhlavi.cz","logo":{"@type":"ImageObject","@id":"\/logo.png","url":"\/logo.png","width":600,"height":60}},"image":{"@type":"ImageObject","@id":"https:\/\/www.bezhlavi.cz\/wp-content\/uploads\/img_a306967_w2093_t1518285415.jpg","url":"https:\/\/www.bezhlavi.cz\/wp-content\/uploads\/img_a306967_w2093_t1518285415.jpg","height":0,"width":0},"url":"https:\/\/www.bezhlavi.cz\/ani-v-zime-nezapominejte-hyckat-vasi-zahradu\/","wordCount":452,"articleBody":"&#13; ST\u00ddSK\u00c1 SE V\u00c1M V ZIM\u011a PO VA\u0160\u00cd ZAHR\u00c1DCE?&#13; &#13; Ani v tomto ro\u010dn\u00edm obdob\u00ed ji nemus\u00edte \u00fapln\u011b pustit ze z\u0159etele, pokud u\u017e se nem\u016f\u017eete do\u010dkat jej\u00edho jarn\u00edho probuzen\u00ed.&#13; &#13; Proch\u00e1z\u00edte-li zahradou v zim\u011b, kde chyb\u00ed sn\u00edh a teploty jsou nad nulou, m\u016f\u017eete zal\u00e9vat st\u00e1le zelen\u00e9 jehli\u010dnany a ve\u0161ker\u00e9 stromy i kdy\u017e n\u011bkter\u00e9 sp\u00ed. Z\u00e1livka jim v po\u010das\u00ed, kdy\u017e nemrzne a sn\u00edh chyb\u00ed, ur\u010dit\u011b prosp\u011bje a dod\u00e1te t\u00edm tolik pot\u0159ebnou vl\u00e1hu.&#13; &#13; OZDRAVTE KMENY STROM\u016e A TR\u00c1VN\u00cdK&#13; &#13; Kmeny strom\u016f b\u00fdvaj\u00ed v dne\u0161n\u00ed dob\u011b \u010dasto zasa\u017eeny porosty mechu a r\u016fzn\u00fdmi chorobami vlivem kysel\u00fdch de\u0161\u0165\u016f a smogu. V tomto ohledu jim m\u016f\u017eeme pomoci, budeme-li ty, kter\u00e9 jsou takto posti\u017een\u00e9, nat\u00edrat roztokem vody a v\u00e1pna. V\u00e1pno kmeny strom\u016f kr\u00e1sn\u011b ozdrav\u00ed a zbav\u00ed je ne\u017e\u00e1douc\u00edch porost\u016f mechu. Odm\u011bn\u00ed se n\u00e1m pak t\u00edm, \u017ee budou kr\u00e1sn\u011b vyhlazen\u00e9 a zdrav\u011bj\u0161\u00ed.&#13; &#13; Such\u00fdm v\u00e1pnem (pro zahradnick\u00e9 \u00fa\u010dely) m\u016f\u017eeme p\u0159es zimu posypat tak\u00e9 tr\u00e1vn\u00edk, kter\u00fd t\u00edmto tak\u00e9 zbav\u00edme mechu a ne\u017e\u00e1douc\u00edho porostu a dod\u00e1me mu \u017eiviny. A pokud n\u011bkomu chyb\u00ed sn\u011bhov\u00e1 pe\u0159ina, aspo\u0148 z\u010d\u00e1sti vytvo\u0159\u00edme dojem zasn\u011b\u017een\u00e9 krajiny, kr\u00e1sn\u00fd vedlej\u0161\u00ed efekt\u2026&#13; &#13; MYSLETE NA OPE\u0158ENCE&#13; &#13; Pokud chcete ud\u011blat tak\u00e9 n\u011bco pro sv\u00e9 ope\u0159en\u00e9 kamar\u00e1dy, aby v\u00e1m na ja\u0159e a v l\u00e9t\u011b vyzobali v\u0161echny housenky, larvy a \u0161k\u016fdce, pak si je zaru\u010den\u011b na svou zahr\u00e1dku p\u0159il\u00e1k\u00e1te, kdy\u017e v\u0161ude po stromech rozv\u011bs\u00edte krm\u00edtka. Zahradu kr\u00e1sn\u011b ozdob\u00ed a z\u00fatuln\u00ed. Napl\u0148te je slune\u010dnicov\u00fdmi sem\u00ednky a sem tam jim rozlouskn\u011bte o\u0159\u00ed\u0161ky, vyzobou si je sami. Na v\u011btve strom\u016f zav\u011bste r\u016fzn\u00e9 druhy lojov\u00fdch koul\u00ed (koup\u00edte v\u0161ude v pot\u0159eb\u00e1ch pro zv\u00ed\u0159ata i v b\u011b\u017en\u00fdch marketech), p\u0159\u00edpadn\u011b nesolen\u00fd l\u016fj nebo jablka.&#13; &#13; Ve va\u0161\u00ed zahrad\u011b tak bude \u017eivo i v zim\u011b a na ja\u0159e v\u00e1m pt\u00e1\u010dci za odm\u011bnu budou prozp\u011bvovat jednu \u00e1rii za druhou a v\u0161e kr\u00e1sn\u011b rozvesel\u00ed. Mimo to se p\u0159irozen\u011b postaraj\u00ed o to, aby \u0161k\u016fdci va\u0161e zahradnick\u00e9 sna\u017een\u00ed nepokazili, proto\u017ee jim prost\u011b nedovol\u00ed tam \u0159\u00e1dit. Jednodu\u0161e a bez chemick\u00fdch post\u0159ik\u016f, tak, jako se to d\u011blalo d\u0159\u00edve.&#13; &#13; Vid\u00edte, nen\u00ed tedy nutn\u00e9 se na zahr\u00e1dku v zim\u011b koukat jen za zav\u0159en\u00fdm oknem. Hur\u00e1 ven!                                                                                                                                                                                                                                                                                                                                                                                        3.9\/5 - (7 votes)        "},{"@context":"https:\/\/schema.org\/","@type":"BreadcrumbList","itemListElement":[{"@type":"ListItem","position":1,"name":"Ani v zim\u011b nezapom\u00ednejte h\u00fd\u010dkat va\u0161i zahradu!","item":"https:\/\/www.bezhlavi.cz\/ani-v-zime-nezapominejte-hyckat-vasi-zahradu\/#breadcrumbitem"}]}]