[{"@context":"https:\/\/schema.org\/","@type":"Article","@id":"https:\/\/www.bezhlavi.cz\/kadernice-udela-zazrak\/#Article","mainEntityOfPage":"https:\/\/www.bezhlavi.cz\/kadernice-udela-zazrak\/","headline":"Kade\u0159nice ud\u011bl\u00e1 z\u00e1zrak","name":"Kade\u0159nice ud\u011bl\u00e1 z\u00e1zrak","description":"Mu\u017ei se tak\u00e9 cht\u011bj\u00ed l\u00edbit, a to pr\u00e1v\u011b t\u00edm, \u017ee nap\u0159\u00edklad jdou ke kade\u0159nici. Ur\u010dit\u011b zn\u00e1te mnoho mu\u017e\u016f, kte\u0159\u00ed ke kade\u0159nici jdou, ale n\u011bkte\u0159\u00ed prost\u011b maj\u00ed kv\u016fli tomu hus\u00ed k\u016f\u017ei a dokonce se sami st\u0159\u00edhaj\u00ed. M\u016fj kamar\u00e1d si nedovedl p\u0159edstavit, \u017ee by \u0161el ke kade\u0159nici, proto\u017ee m\u00e1 prost\u011b fobi\u00ed a \u0159\u00edk\u00e1, \u017ee to je \u00fapln\u011b [&hellip;]","datePublished":"2024-06-30","dateModified":"2024-06-30","author":{"@type":"Person","@id":"https:\/\/www.bezhlavi.cz\/author\/#Person","name":"","url":"https:\/\/www.bezhlavi.cz\/author\/","identifier":1,"image":{"@type":"ImageObject","@id":"https:\/\/secure.gravatar.com\/avatar\/89f417dfbb336d235b856435ef935ffa51c2f646edc1f5c4e6fccf32a9c88173?s=96&d=mm&r=g","url":"https:\/\/secure.gravatar.com\/avatar\/89f417dfbb336d235b856435ef935ffa51c2f646edc1f5c4e6fccf32a9c88173?s=96&d=mm&r=g","height":96,"width":96}},"publisher":{"@type":"Organization","name":"bezhlavi.cz","logo":{"@type":"ImageObject","@id":"\/logo.png","url":"\/logo.png","width":600,"height":60}},"image":{"@type":"ImageObject","@id":"https:\/\/www.bezhlavi.cz\/wp-content\/uploads\/man-2109428_1280_1.jpg","url":"https:\/\/www.bezhlavi.cz\/wp-content\/uploads\/man-2109428_1280_1.jpg","height":0,"width":0},"url":"https:\/\/www.bezhlavi.cz\/kadernice-udela-zazrak\/","about":["Mu\u017ei"],"wordCount":485,"articleBody":"Mu\u017ei se tak\u00e9 cht\u011bj\u00ed l\u00edbit, a to pr\u00e1v\u011b t\u00edm, \u017ee nap\u0159\u00edklad jdou ke kade\u0159nici. Ur\u010dit\u011b zn\u00e1te mnoho mu\u017e\u016f, kte\u0159\u00ed ke kade\u0159nici jdou, ale n\u011bkte\u0159\u00ed prost\u011b maj\u00ed kv\u016fli tomu hus\u00ed k\u016f\u017ei a dokonce se sami st\u0159\u00edhaj\u00ed. M\u016fj kamar\u00e1d si nedovedl p\u0159edstavit, \u017ee by \u0161el ke kade\u0159nici, proto\u017ee m\u00e1 prost\u011b fobi\u00ed a \u0159\u00edk\u00e1, \u017ee to je \u00fapln\u011b k ni\u010demu, a prost\u011b je zvykl\u00fd na to, \u017ee si vezme n\u016f\u017eky a dokonce se tro\u0161ku ost\u0159\u00edh\u00e1 s\u00e1m, ost\u0159\u00edh\u00e1 si ofinu, tro\u0161ku si to tam s\u00e1m zarovn\u00e1, jak si to p\u0159eje, a takhle to d\u011bl\u00e1 po\u0159\u00e1d dokola. Jednoho dne jsem ho ale sna\u017eila p\u0159emluvit, aby opravdu \u0161el ke kade\u0159nici, \u017ee mu ty vlasy kr\u00e1sn\u011b srovn\u00e1 a m\u016f\u017ee mu tam vyrobit na jeho vlasech kr\u00e1snou image, a m\u016f\u017ee se mu to i hrozn\u011b l\u00edbit.\u00a0\u00a0Byl proti tomu, po\u0159\u00e1d si o mn\u011b myslel, \u017ee jsem bl\u00e1zen, a mu\u017ei pr\u00fd nepot\u0159ebuj\u00ed kade\u0159n\u00edka, ale pot\u0159ebuj\u00ed, proto\u017ee nejenom \u017ee kade\u0159nice mu ud\u011bl\u00e1 tro\u0161ku mas\u00e1\u017e hlavy a je to p\u0159\u00edjemn\u00e9, ale hezky ost\u0159\u00edh\u00e1 a opravdu z mu\u017ee um\u00ed ud\u011blat kr\u00e1sn\u00e9ho gentlemana, kter\u00fd bude vypadat kr\u00e1sn\u011b a upraven\u011b. Nakonec m\u016fj kamar\u00e1d poslechl. Sice jsem ho stra\u0161n\u011b dlouho p\u0159emlouvala, i n\u011bkolik m\u011bs\u00edc\u016f, ale od t\u00e9 doby, co p\u0159i\u0161el ke kade\u0159nici, tak tam chod\u00ed neust\u00e1le. A j\u00e1 si mysl\u00edm, \u017ee kdy\u017e n\u011bkoho k n\u011b\u010demu velice hezky dokopete, tak v\u011bzte, \u017ee pak v\u00e1m ten \u010dlov\u011bk bude vd\u011b\u010dn\u00fd, jako je m\u016fj kamar\u00e1d za to, \u017ee jsem ho opravdu p\u0159esv\u011bd\u010dila o tom, \u017ee kade\u0159nice je lep\u0161\u00ed ne\u017e si vlasy st\u0159\u00edhat s\u00e1m.\u00a0\u00a0V\u011b\u0159te, \u017ee v \u017eivot\u011b je pot\u0159eba naj\u00edt nov\u00fd sm\u011br \u017eivota, nov\u00e9 c\u00edle a p\u0159esadit v\u011bci, kter\u00e9 jste t\u0159eba d\u011blali sami. N\u011bkdy je lep\u0161\u00ed opravdu n\u011bkomu \u0159\u00edct, aby v\u00e1m vlasy ost\u0159\u00edhal, ne\u017e si sami ud\u011blat n\u011bjak\u00fd vrko\u010d na hlav\u011b, kter\u00fd ani nebude tak p\u0159ev\u00e1\u017en\u011b hezk\u00fd a modern\u00ed, jako pr\u00e1v\u011b kdy\u017e p\u016fjdete k t\u00e9 kade\u0159nici. N\u011bkte\u0159\u00ed mu\u017ei jsou proti tomu, ale mysl\u00edm si, \u017ee to je chyba, proto\u017ee kdyby to jednou vyzkou\u0161eli, tak tam budou chodit pr\u00e1v\u011b jako m\u016fj kamar\u00e1d. Uvid\u00edte, \u017ee budete za to r\u00e1di a budete d\u011bkovat tomu, kdo v\u00e1m tohle doporu\u010dil, proto\u017ee v\u00edm, \u017ee p\u00e1n\u016fm se moc chodit nikam nechce, rad\u011bji jsou takov\u00ed peciv\u00e1li, ale n\u011bkdy je opravdu pot\u0159eba pro sebe n\u011bco ud\u011blat.                                                                                                                                                                                                                                                                                                                                                                                        3.7\/5 - (8 votes)        "},{"@context":"https:\/\/schema.org\/","@type":"BreadcrumbList","itemListElement":[{"@type":"ListItem","position":1,"name":"Kade\u0159nice ud\u011bl\u00e1 z\u00e1zrak","item":"https:\/\/www.bezhlavi.cz\/kadernice-udela-zazrak\/#breadcrumbitem"}]}]