[{"@context":"https:\/\/schema.org\/","@type":"Article","@id":"https:\/\/www.bezhlavi.cz\/klimatizace-prodluzuje-zivot\/#Article","mainEntityOfPage":"https:\/\/www.bezhlavi.cz\/klimatizace-prodluzuje-zivot\/","headline":"Klimatizace prodlu\u017euje \u017eivot","name":"Klimatizace prodlu\u017euje \u017eivot","description":"K tomuto nadpisu pouze dodejme, \u017ee to plat\u00ed za ur\u010dit\u00fdch okolnost\u00ed. Podstatn\u00e9 toti\u017e je, \u017ee ji budete vyu\u017e\u00edvat rozumn\u011b podle doporu\u010den\u00ed odborn\u00edk\u016f. Dodr\u017eujte rozd\u00edl p\u011bti stup\u0148\u016f Celsia \u2013 velmi nebezpe\u010dn\u00e9 jsou p\u0159echodov\u00e9 f\u00e1ze, kdy se pohybujete v klimatizovan\u00e9 m\u00edstnosti, a chyst\u00e1te se vstoupit do venkovn\u00edho prost\u0159ed\u00ed, jeho\u017e teplota je vy\u0161\u0161\u00ed o v\u00edce ne\u017e p\u011bt stup\u0148\u016f [&hellip;]","datePublished":"2022-02-09","dateModified":"2024-02-01","author":{"@type":"Person","@id":"https:\/\/www.bezhlavi.cz\/author\/#Person","name":"","url":"https:\/\/www.bezhlavi.cz\/author\/","identifier":1,"image":{"@type":"ImageObject","@id":"https:\/\/secure.gravatar.com\/avatar\/89f417dfbb336d235b856435ef935ffa51c2f646edc1f5c4e6fccf32a9c88173?s=96&d=mm&r=g","url":"https:\/\/secure.gravatar.com\/avatar\/89f417dfbb336d235b856435ef935ffa51c2f646edc1f5c4e6fccf32a9c88173?s=96&d=mm&r=g","height":96,"width":96}},"publisher":{"@type":"Organization","name":"bezhlavi.cz","logo":{"@type":"ImageObject","@id":"\/logo.png","url":"\/logo.png","width":600,"height":60}},"image":{"@type":"ImageObject","@id":"https:\/\/www.bezhlavi.cz\/wp-content\/uploads\/living-room-gb159bf097_640.jpg","url":"https:\/\/www.bezhlavi.cz\/wp-content\/uploads\/living-room-gb159bf097_640.jpg","height":0,"width":0},"url":"https:\/\/www.bezhlavi.cz\/klimatizace-prodluzuje-zivot\/","about":["Zbo\u017e\u00ed"],"wordCount":397,"articleBody":"   K tomuto nadpisu pouze dodejme, \u017ee to plat\u00ed za ur\u010dit\u00fdch okolnost\u00ed. Podstatn\u00e9 toti\u017e je, \u017ee ji budete vyu\u017e\u00edvat rozumn\u011b podle doporu\u010den\u00ed odborn\u00edk\u016f.Dodr\u017eujte rozd\u00edl p\u011bti stup\u0148\u016f Celsia \u2013 velmi nebezpe\u010dn\u00e9 jsou p\u0159echodov\u00e9 f\u00e1ze, kdy se pohybujete v klimatizovan\u00e9 m\u00edstnosti, a chyst\u00e1te se vstoupit do venkovn\u00edho prost\u0159ed\u00ed, jeho\u017e teplota je vy\u0161\u0161\u00ed o v\u00edce ne\u017e p\u011bt stup\u0148\u016f Celsia. V tu chv\u00edli je to pro organismus \u0161ok a ten m\u016f\u017ee zareagovat dokonce kolapsem a u n\u011bkter\u00fdch lid\u00ed i infarktem \u010di jin\u00fdmi c\u00e9vn\u00edmi p\u0159\u00edhodami. Nepokou\u0161ejte zbyte\u010dn\u011b osud a dbejte pokyn\u016f jak v\u00fdrobc\u016f klimatizace v Plzni Sunus, tak i l\u00e9ka\u0159\u016f. Jestli\u017ee je tedy venku nap\u0159. 32 stup\u0148\u016f Celsia, uvnit\u0159 byste m\u011bli m\u00edt m\u00edstnost vychlazenou ne m\u00e9n\u011b, ne\u017e na 27 stup\u0148\u016f.Letn\u00ed vedra zp\u016fsobuj\u00ed \u00fa\u017eeh \u2013 v\u00edte, jak\u00fd je rozd\u00edl mezi \u00fapalem a \u00fa\u017eehem? \u00dapal je vyvol\u00e1n p\u0159\u00edm\u00fdmi slune\u010dn\u00edmi paprsky, zat\u00edmco \u00fa\u017eeh jak\u00fdmkoli zdrojem vysok\u00e9 teploty, tedy nap\u0159. paradoxn\u011b m\u016f\u017eete onemocn\u011bt \u00fa\u017eehem i v t\u0159eskut\u00fdch mrazech, pokud byste se dlouhodob\u011b zdr\u017eovali v p\u0159etopen\u00e9 m\u00edstnosti nebo v saun\u011b. \u00da\u017eeh je pochopiteln\u011b pravd\u011bpodobn\u011bj\u0161\u00ed v l\u00e9t\u011b, a mnohdy vznik\u00e1 docela nen\u00e1padn\u011b, sta\u010d\u00ed k tomu siln\u011bj\u0161\u00ed dehydratace, del\u0161\u00ed pobyt v autobusu s nedostate\u010dn\u00fdm v\u011btr\u00e1n\u00edm, p\u0159\u00edpadn\u011b zdr\u017eov\u00e1n\u00ed se v neklimatizovan\u00e9 m\u00edstnosti za letn\u00edho vedra a probl\u00e9m je na sv\u011bt\u011b.Vedro je \u017erout ho\u0159\u010d\u00edku \u2013 v lidsk\u00e9m t\u011ble je ulo\u017eeno mal\u00e9 mno\u017estv\u00ed ho\u0159\u010d\u00edku, kter\u00fd pot\u0159ebujeme k v\u00edce ne\u017e t\u0159em stovk\u00e1m biochemick\u00fdch a enzymatick\u00fdch proces\u016f. Mimo jin\u00e9 db\u00e1 o termoregulaci a spr\u00e1vnou bilanci v\u00e1pn\u00edku v t\u011ble. Jeho nedostatek m\u016f\u017ee m\u00edt i v\u00e1\u017en\u00e9 zdravotn\u00ed n\u00e1sledky a k tomu bychom m\u011bli dodat, \u017ee pr\u00e1v\u011b za letn\u00edch veder se ho\u0159\u010d\u00edk z t\u011bla vyplavuje v obrovsk\u00e9m mno\u017estv\u00ed, a je vhodn\u00e9 jej pak v\u010das doplnit. Klimatizace n\u00e1m v\u0161ak pom\u016f\u017ee zabr\u00e1nit t\u011bmto zna\u010dn\u00fdm v\u00fdkyv\u016fm a t\u00edm p\u00e1dem i zdravotn\u00edm dopad\u016fm, kter\u00e9 n\u00e1hl\u00fd pokles ho\u0159\u010d\u00edku m\u016f\u017ee zp\u016fsobit.                                                                                                                                                                                                                                                                                                                                                                                          3.8\/5 - (12 votes)        "},{"@context":"https:\/\/schema.org\/","@type":"BreadcrumbList","itemListElement":[{"@type":"ListItem","position":1,"name":"Klimatizace prodlu\u017euje \u017eivot","item":"https:\/\/www.bezhlavi.cz\/klimatizace-prodluzuje-zivot\/#breadcrumbitem"}]}]