[{"@context":"https:\/\/schema.org\/","@type":"Blog","@id":"https:\/\/www.bezhlavi.cz#Blog","headline":"Bezhlav\u00ed","description":"\nSv\u011bt je pln\u00fd kr\u00e1s, je\u017e nejednou \u010dlov\u011bku pro sam\u00e1 tr\u00e1pen\u00ed unikaj\u00ed. Na\u0161e internetov\u00e1 str\u00e1nka se v\u0161ak sna\u017e\u00ed, aby je lid\u00e9 mohli kdykoliv znovu objevit.","url":"https:\/\/www.bezhlavi.cz","hasPart":[{"@type":"Article","@id":"https:\/\/www.bezhlavi.cz\/malovany-selsky-nabytek\/","headline":"Malovan\u00fd selsk\u00fd n\u00e1bytek","url":"https:\/\/www.bezhlavi.cz\/malovany-selsky-nabytek\/","datePublished":"2021-12-07","dateModified":"2023-05-06","mainEntityOfPage":"https:\/\/www.bezhlavi.cz\/malovany-selsky-nabytek\/","author":{"@type":"Person","@id":"https:\/\/www.bezhlavi.cz\/author\/#Person","name":"","url":"https:\/\/www.bezhlavi.cz\/author\/","identifier":1,"image":{"@type":"ImageObject","@id":"https:\/\/secure.gravatar.com\/avatar\/89f417dfbb336d235b856435ef935ffa51c2f646edc1f5c4e6fccf32a9c88173?s=96&d=mm&r=g","url":"https:\/\/secure.gravatar.com\/avatar\/89f417dfbb336d235b856435ef935ffa51c2f646edc1f5c4e6fccf32a9c88173?s=96&d=mm&r=g","height":96,"width":96}},"publisher":{"@type":"Organization","name":"bezhlavi.cz","logo":{"@type":"ImageObject","@id":"\/logo.png","url":"\/logo.png","width":600,"height":60}},"image":{"@type":"ImageObject","@id":"https:\/\/www.bezhlavi.cz\/wp-content\/uploads\/sel%20n%C3%A1b.jpg","url":"https:\/\/www.bezhlavi.cz\/wp-content\/uploads\/sel%20n%C3%A1b.jpg","height":0,"width":0},"wordCount":531,"keywords":null},{"@type":"Article","@id":"https:\/\/www.bezhlavi.cz\/leginy-vladnou-svetu-a-svetu-vladneme-my\/","headline":"Leg\u00edny vl\u00e1dnou sv\u011btu a sv\u011btu vl\u00e1dneme my.","url":"https:\/\/www.bezhlavi.cz\/leginy-vladnou-svetu-a-svetu-vladneme-my\/","datePublished":"2021-11-23","dateModified":"2023-05-06","mainEntityOfPage":"https:\/\/www.bezhlavi.cz\/leginy-vladnou-svetu-a-svetu-vladneme-my\/","author":{"@type":"Person","@id":"https:\/\/www.bezhlavi.cz\/author\/#Person","name":"","url":"https:\/\/www.bezhlavi.cz\/author\/","identifier":1,"image":{"@type":"ImageObject","@id":"https:\/\/secure.gravatar.com\/avatar\/89f417dfbb336d235b856435ef935ffa51c2f646edc1f5c4e6fccf32a9c88173?s=96&d=mm&r=g","url":"https:\/\/secure.gravatar.com\/avatar\/89f417dfbb336d235b856435ef935ffa51c2f646edc1f5c4e6fccf32a9c88173?s=96&d=mm&r=g","height":96,"width":96}},"publisher":{"@type":"Organization","name":"bezhlavi.cz","logo":{"@type":"ImageObject","@id":"\/logo.png","url":"\/logo.png","width":600,"height":60}},"image":{"@type":"ImageObject","@id":"https:\/\/www.bezhlavi.cz\/wp-content\/uploads\/pexels-photo-3823063.jpeg","url":"https:\/\/www.bezhlavi.cz\/wp-content\/uploads\/pexels-photo-3823063.jpeg","height":0,"width":0},"wordCount":479,"keywords":null},{"@type":"Article","@id":"https:\/\/www.bezhlavi.cz\/nebezpeci-ktera-odhali-elektro-revize\/","headline":"Nebezpe\u010d\u00ed, kter\u00e1 odhal\u00ed elektro revize","url":"https:\/\/www.bezhlavi.cz\/nebezpeci-ktera-odhali-elektro-revize\/","datePublished":"2021-11-11","dateModified":"2023-05-06","mainEntityOfPage":"https:\/\/www.bezhlavi.cz\/nebezpeci-ktera-odhali-elektro-revize\/","author":{"@type":"Person","@id":"https:\/\/www.bezhlavi.cz\/author\/#Person","name":"","url":"https:\/\/www.bezhlavi.cz\/author\/","identifier":1,"image":{"@type":"ImageObject","@id":"https:\/\/secure.gravatar.com\/avatar\/89f417dfbb336d235b856435ef935ffa51c2f646edc1f5c4e6fccf32a9c88173?s=96&d=mm&r=g","url":"https:\/\/secure.gravatar.com\/avatar\/89f417dfbb336d235b856435ef935ffa51c2f646edc1f5c4e6fccf32a9c88173?s=96&d=mm&r=g","height":96,"width":96}},"publisher":{"@type":"Organization","name":"bezhlavi.cz","logo":{"@type":"ImageObject","@id":"\/logo.png","url":"\/logo.png","width":600,"height":60}},"image":{"@type":"ImageObject","@id":"https:\/\/www.bezhlavi.cz\/wp-content\/uploads\/electrician-1080561_640.jpg","url":"https:\/\/www.bezhlavi.cz\/wp-content\/uploads\/electrician-1080561_640.jpg","height":0,"width":0},"wordCount":547,"keywords":null},{"@type":"Article","@id":"https:\/\/www.bezhlavi.cz\/vidime-az-na-dno\/","headline":"Vid\u00edme a\u017e na dno","url":"https:\/\/www.bezhlavi.cz\/vidime-az-na-dno\/","datePublished":"2021-11-11","dateModified":"2023-05-06","mainEntityOfPage":"https:\/\/www.bezhlavi.cz\/vidime-az-na-dno\/","author":{"@type":"Person","@id":"https:\/\/www.bezhlavi.cz\/author\/#Person","name":"","url":"https:\/\/www.bezhlavi.cz\/author\/","identifier":1,"image":{"@type":"ImageObject","@id":"https:\/\/secure.gravatar.com\/avatar\/89f417dfbb336d235b856435ef935ffa51c2f646edc1f5c4e6fccf32a9c88173?s=96&d=mm&r=g","url":"https:\/\/secure.gravatar.com\/avatar\/89f417dfbb336d235b856435ef935ffa51c2f646edc1f5c4e6fccf32a9c88173?s=96&d=mm&r=g","height":96,"width":96}},"publisher":{"@type":"Organization","name":"bezhlavi.cz","logo":{"@type":"ImageObject","@id":"\/logo.png","url":"\/logo.png","width":600,"height":60}},"image":{"@type":"ImageObject","@id":"https:\/\/www.bezhlavi.cz\/wp-content\/uploads\/pool_pump_filtration_de.jpg","url":"https:\/\/www.bezhlavi.cz\/wp-content\/uploads\/pool_pump_filtration_de.jpg","height":0,"width":0},"wordCount":563,"keywords":null},{"@type":"Article","@id":"https:\/\/www.bezhlavi.cz\/k-cemu-vam-pri-hubnuti-bude-bmi-tabulka-a-jake-udaje-vam-prozradi\/","headline":"K \u010demu v\u00e1m p\u0159i hubnut\u00ed bude BMI tabulka a jak\u00e9 \u00fadaje v\u00e1m prozrad\u00ed?","url":"https:\/\/www.bezhlavi.cz\/k-cemu-vam-pri-hubnuti-bude-bmi-tabulka-a-jake-udaje-vam-prozradi\/","datePublished":"2021-11-11","dateModified":"2023-05-06","mainEntityOfPage":"https:\/\/www.bezhlavi.cz\/k-cemu-vam-pri-hubnuti-bude-bmi-tabulka-a-jake-udaje-vam-prozradi\/","author":{"@type":"Person","@id":"https:\/\/www.bezhlavi.cz\/author\/#Person","name":"","url":"https:\/\/www.bezhlavi.cz\/author\/","identifier":1,"image":{"@type":"ImageObject","@id":"https:\/\/secure.gravatar.com\/avatar\/89f417dfbb336d235b856435ef935ffa51c2f646edc1f5c4e6fccf32a9c88173?s=96&d=mm&r=g","url":"https:\/\/secure.gravatar.com\/avatar\/89f417dfbb336d235b856435ef935ffa51c2f646edc1f5c4e6fccf32a9c88173?s=96&d=mm&r=g","height":96,"width":96}},"publisher":{"@type":"Organization","name":"bezhlavi.cz","logo":{"@type":"ImageObject","@id":"\/logo.png","url":"\/logo.png","width":600,"height":60}},"image":{"@type":"ImageObject","@id":"https:\/\/www.bezhlavi.cz\/wp-content\/uploads\/scale-diet-fat-health-53404_4.jpeg","url":"https:\/\/www.bezhlavi.cz\/wp-content\/uploads\/scale-diet-fat-health-53404_4.jpeg","height":0,"width":0},"wordCount":644,"keywords":null},{"@type":"Article","@id":"https:\/\/www.bezhlavi.cz\/jak-se-rozhodnout-pro-schodiste\/","headline":"Jak se rozhodnout pro schodi\u0161t\u011b?","url":"https:\/\/www.bezhlavi.cz\/jak-se-rozhodnout-pro-schodiste\/","datePublished":"2021-09-10","dateModified":"2023-05-06","mainEntityOfPage":"https:\/\/www.bezhlavi.cz\/jak-se-rozhodnout-pro-schodiste\/","author":{"@type":"Person","@id":"https:\/\/www.bezhlavi.cz\/author\/#Person","name":"","url":"https:\/\/www.bezhlavi.cz\/author\/","identifier":1,"image":{"@type":"ImageObject","@id":"https:\/\/secure.gravatar.com\/avatar\/89f417dfbb336d235b856435ef935ffa51c2f646edc1f5c4e6fccf32a9c88173?s=96&d=mm&r=g","url":"https:\/\/secure.gravatar.com\/avatar\/89f417dfbb336d235b856435ef935ffa51c2f646edc1f5c4e6fccf32a9c88173?s=96&d=mm&r=g","height":96,"width":96}},"publisher":{"@type":"Organization","name":"bezhlavi.cz","logo":{"@type":"ImageObject","@id":"\/logo.png","url":"\/logo.png","width":600,"height":60}},"image":{"@type":"ImageObject","@id":"https:\/\/www.bezhlavi.cz\/wp-content\/uploads\/apartment-gc65a2ea61_640.jpg","url":"https:\/\/www.bezhlavi.cz\/wp-content\/uploads\/apartment-gc65a2ea61_640.jpg","height":0,"width":0},"wordCount":839,"keywords":null},{"@type":"Article","@id":"https:\/\/www.bezhlavi.cz\/prichazi-na-cas-na-vanocni-vyzdobu\/","headline":"P\u0159ich\u00e1z\u00ed na \u010das na v\u00e1no\u010dn\u00ed v\u00fdzdobu!","url":"https:\/\/www.bezhlavi.cz\/prichazi-na-cas-na-vanocni-vyzdobu\/","datePublished":"2021-09-10","dateModified":"2023-05-06","mainEntityOfPage":"https:\/\/www.bezhlavi.cz\/prichazi-na-cas-na-vanocni-vyzdobu\/","author":{"@type":"Person","@id":"https:\/\/www.bezhlavi.cz\/author\/#Person","name":"","url":"https:\/\/www.bezhlavi.cz\/author\/","identifier":1,"image":{"@type":"ImageObject","@id":"https:\/\/secure.gravatar.com\/avatar\/89f417dfbb336d235b856435ef935ffa51c2f646edc1f5c4e6fccf32a9c88173?s=96&d=mm&r=g","url":"https:\/\/secure.gravatar.com\/avatar\/89f417dfbb336d235b856435ef935ffa51c2f646edc1f5c4e6fccf32a9c88173?s=96&d=mm&r=g","height":96,"width":96}},"publisher":{"@type":"Organization","name":"bezhlavi.cz","logo":{"@type":"ImageObject","@id":"\/logo.png","url":"\/logo.png","width":600,"height":60}},"image":{"@type":"ImageObject","@id":"https:\/\/www.bezhlavi.cz\/wp-content\/uploads\/pexels-cottonbro-6063461.jpg","url":"https:\/\/www.bezhlavi.cz\/wp-content\/uploads\/pexels-cottonbro-6063461.jpg","height":0,"width":0},"wordCount":693,"keywords":null},{"@type":"Article","@id":"https:\/\/www.bezhlavi.cz\/nabidky-brigad-v-ceskych-budejovicich\/","headline":"Nab\u00eddky brig\u00e1d v \u010cesk\u00fdch Bud\u011bjovic\u00edch","url":"https:\/\/www.bezhlavi.cz\/nabidky-brigad-v-ceskych-budejovicich\/","datePublished":"2021-08-20","dateModified":"2023-05-06","mainEntityOfPage":"https:\/\/www.bezhlavi.cz\/nabidky-brigad-v-ceskych-budejovicich\/","author":{"@type":"Person","@id":"https:\/\/www.bezhlavi.cz\/author\/#Person","name":"","url":"https:\/\/www.bezhlavi.cz\/author\/","identifier":1,"image":{"@type":"ImageObject","@id":"https:\/\/secure.gravatar.com\/avatar\/89f417dfbb336d235b856435ef935ffa51c2f646edc1f5c4e6fccf32a9c88173?s=96&d=mm&r=g","url":"https:\/\/secure.gravatar.com\/avatar\/89f417dfbb336d235b856435ef935ffa51c2f646edc1f5c4e6fccf32a9c88173?s=96&d=mm&r=g","height":96,"width":96}},"publisher":{"@type":"Organization","name":"bezhlavi.cz","logo":{"@type":"ImageObject","@id":"\/logo.png","url":"\/logo.png","width":600,"height":60}},"image":{"@type":"ImageObject","@id":"https:\/\/www.bezhlavi.cz\/wp-content\/uploads\/po%C4%8D%C3%ADt%C3%A1n%C3%AD%20pen%C4%9Bz_10_10_10_10.jpg","url":"https:\/\/www.bezhlavi.cz\/wp-content\/uploads\/po%C4%8D%C3%ADt%C3%A1n%C3%AD%20pen%C4%9Bz_10_10_10_10.jpg","height":0,"width":0},"wordCount":811,"keywords":null},{"@type":"Article","@id":"https:\/\/www.bezhlavi.cz\/jak-mit-hezkou-zahradu\/","headline":"Jak m\u00edt hezkou zahradu","url":"https:\/\/www.bezhlavi.cz\/jak-mit-hezkou-zahradu\/","datePublished":"2021-08-13","dateModified":"2023-05-06","mainEntityOfPage":"https:\/\/www.bezhlavi.cz\/jak-mit-hezkou-zahradu\/","author":{"@type":"Person","@id":"https:\/\/www.bezhlavi.cz\/author\/#Person","name":"","url":"https:\/\/www.bezhlavi.cz\/author\/","identifier":1,"image":{"@type":"ImageObject","@id":"https:\/\/secure.gravatar.com\/avatar\/89f417dfbb336d235b856435ef935ffa51c2f646edc1f5c4e6fccf32a9c88173?s=96&d=mm&r=g","url":"https:\/\/secure.gravatar.com\/avatar\/89f417dfbb336d235b856435ef935ffa51c2f646edc1f5c4e6fccf32a9c88173?s=96&d=mm&r=g","height":96,"width":96}},"publisher":{"@type":"Organization","name":"bezhlavi.cz","logo":{"@type":"ImageObject","@id":"\/logo.png","url":"\/logo.png","width":600,"height":60}},"image":{"@type":"ImageObject","@id":"https:\/\/www.bezhlavi.cz\/wp-content\/uploads\/cobblestones-gc07a8453b_1920.jpg","url":"https:\/\/www.bezhlavi.cz\/wp-content\/uploads\/cobblestones-gc07a8453b_1920.jpg","height":0,"width":0},"wordCount":579,"keywords":null},{"@type":"Article","@id":"https:\/\/www.bezhlavi.cz\/jak-si-vylepsit-stehovani-v-praze\/","headline":"Jak si vylep\u0161it st\u011bhov\u00e1n\u00ed v Praze","url":"https:\/\/www.bezhlavi.cz\/jak-si-vylepsit-stehovani-v-praze\/","datePublished":"2021-08-07","dateModified":"2023-10-04","mainEntityOfPage":"https:\/\/www.bezhlavi.cz\/jak-si-vylepsit-stehovani-v-praze\/","author":{"@type":"Person","@id":"https:\/\/www.bezhlavi.cz\/author\/#Person","name":"","url":"https:\/\/www.bezhlavi.cz\/author\/","identifier":1,"image":{"@type":"ImageObject","@id":"https:\/\/secure.gravatar.com\/avatar\/89f417dfbb336d235b856435ef935ffa51c2f646edc1f5c4e6fccf32a9c88173?s=96&d=mm&r=g","url":"https:\/\/secure.gravatar.com\/avatar\/89f417dfbb336d235b856435ef935ffa51c2f646edc1f5c4e6fccf32a9c88173?s=96&d=mm&r=g","height":96,"width":96}},"publisher":{"@type":"Organization","name":"bezhlavi.cz","logo":{"@type":"ImageObject","@id":"\/logo.png","url":"\/logo.png","width":600,"height":60}},"image":{"@type":"ImageObject","@id":"https:\/\/www.bezhlavi.cz\/wp-content\/uploads\/st%C4%9Bhov%C3%A1n%C3%AD%20v%20Praze.jpg","url":"https:\/\/www.bezhlavi.cz\/wp-content\/uploads\/st%C4%9Bhov%C3%A1n%C3%AD%20v%20Praze.jpg","height":0,"width":0},"wordCount":564,"keywords":null}]},{"@context":"https:\/\/schema.org","@type":"WebSite","@id":"https:\/\/www.bezhlavi.cz\/#website","name":"Bezhlav\u00ed","url":"https:\/\/www.bezhlavi.cz","potentialAction":{"@type":"SearchAction","target":"https:\/\/www.bezhlavi.cz\/?s={search_term_string}","query-input":"required name=search_term_string"}}]