[{"@context":"https:\/\/schema.org\/","@type":"Blog","@id":"https:\/\/www.bezhlavi.cz#Blog","headline":"Bezhlav\u00ed","description":"\nSv\u011bt je pln\u00fd kr\u00e1s, je\u017e nejednou \u010dlov\u011bku pro sam\u00e1 tr\u00e1pen\u00ed unikaj\u00ed. Na\u0161e internetov\u00e1 str\u00e1nka se v\u0161ak sna\u017e\u00ed, aby je lid\u00e9 mohli kdykoliv znovu objevit.","url":"https:\/\/www.bezhlavi.cz","hasPart":[{"@type":"Article","@id":"https:\/\/www.bezhlavi.cz\/k-letu-tahle-pochoutka-proste-patri\/","headline":"K l\u00e9tu tahle pochoutka prost\u011b pat\u0159\u00ed","url":"https:\/\/www.bezhlavi.cz\/k-letu-tahle-pochoutka-proste-patri\/","datePublished":"2025-07-25","dateModified":"2025-07-25","mainEntityOfPage":"https:\/\/www.bezhlavi.cz\/k-letu-tahle-pochoutka-proste-patri\/","author":{"@type":"Person","@id":"https:\/\/www.bezhlavi.cz\/author\/#Person","name":"","url":"https:\/\/www.bezhlavi.cz\/author\/","identifier":1,"image":{"@type":"ImageObject","@id":"https:\/\/secure.gravatar.com\/avatar\/89f417dfbb336d235b856435ef935ffa51c2f646edc1f5c4e6fccf32a9c88173?s=96&d=mm&r=g","url":"https:\/\/secure.gravatar.com\/avatar\/89f417dfbb336d235b856435ef935ffa51c2f646edc1f5c4e6fccf32a9c88173?s=96&d=mm&r=g","height":96,"width":96}},"publisher":{"@type":"Organization","name":"bezhlavi.cz","logo":{"@type":"ImageObject","@id":"\/logo.png","url":"\/logo.png","width":600,"height":60}},"image":null,"wordCount":207,"keywords":null},{"@type":"Article","@id":"https:\/\/www.bezhlavi.cz\/na-dovolenou-jsme-se-tak-dlouho-tesili-tak-si-ji-ted-poradne-uzijeme\/","headline":"Na dovolenou jsme se tak dlouho t\u011b\u0161ili, tak si ji te\u010f po\u0159\u00e1dn\u011b u\u017eijeme","url":"https:\/\/www.bezhlavi.cz\/na-dovolenou-jsme-se-tak-dlouho-tesili-tak-si-ji-ted-poradne-uzijeme\/","datePublished":"2025-07-21","dateModified":"2025-07-21","mainEntityOfPage":"https:\/\/www.bezhlavi.cz\/na-dovolenou-jsme-se-tak-dlouho-tesili-tak-si-ji-ted-poradne-uzijeme\/","author":{"@type":"Person","@id":"https:\/\/www.bezhlavi.cz\/author\/#Person","name":"","url":"https:\/\/www.bezhlavi.cz\/author\/","identifier":1,"image":{"@type":"ImageObject","@id":"https:\/\/secure.gravatar.com\/avatar\/89f417dfbb336d235b856435ef935ffa51c2f646edc1f5c4e6fccf32a9c88173?s=96&d=mm&r=g","url":"https:\/\/secure.gravatar.com\/avatar\/89f417dfbb336d235b856435ef935ffa51c2f646edc1f5c4e6fccf32a9c88173?s=96&d=mm&r=g","height":96,"width":96}},"publisher":{"@type":"Organization","name":"bezhlavi.cz","logo":{"@type":"ImageObject","@id":"\/logo.png","url":"\/logo.png","width":600,"height":60}},"image":null,"wordCount":212,"keywords":null},{"@type":"Article","@id":"https:\/\/www.bezhlavi.cz\/nabidka-vysoce-kvalitniho-zbozi\/","headline":"Nab\u00eddka vysoce kvalitn\u00edho zbo\u017e\u00ed","url":"https:\/\/www.bezhlavi.cz\/nabidka-vysoce-kvalitniho-zbozi\/","datePublished":"2025-07-13","dateModified":"2025-07-13","mainEntityOfPage":"https:\/\/www.bezhlavi.cz\/nabidka-vysoce-kvalitniho-zbozi\/","author":{"@type":"Person","@id":"https:\/\/www.bezhlavi.cz\/author\/#Person","name":"","url":"https:\/\/www.bezhlavi.cz\/author\/","identifier":1,"image":{"@type":"ImageObject","@id":"https:\/\/secure.gravatar.com\/avatar\/89f417dfbb336d235b856435ef935ffa51c2f646edc1f5c4e6fccf32a9c88173?s=96&d=mm&r=g","url":"https:\/\/secure.gravatar.com\/avatar\/89f417dfbb336d235b856435ef935ffa51c2f646edc1f5c4e6fccf32a9c88173?s=96&d=mm&r=g","height":96,"width":96}},"publisher":{"@type":"Organization","name":"bezhlavi.cz","logo":{"@type":"ImageObject","@id":"\/logo.png","url":"\/logo.png","width":600,"height":60}},"image":null,"wordCount":223,"keywords":null},{"@type":"Article","@id":"https:\/\/www.bezhlavi.cz\/domaci-vodarny-jak-vybrat-tu-spravnou-pro-vasi-domacnost\/","headline":"Dom\u00e1c\u00ed vod\u00e1rny: Jak vybrat tu spr\u00e1vnou pro va\u0161i dom\u00e1cnost","url":"https:\/\/www.bezhlavi.cz\/domaci-vodarny-jak-vybrat-tu-spravnou-pro-vasi-domacnost\/","datePublished":"2025-07-08","dateModified":"2025-07-08","mainEntityOfPage":"https:\/\/www.bezhlavi.cz\/domaci-vodarny-jak-vybrat-tu-spravnou-pro-vasi-domacnost\/","author":{"@type":"Person","@id":"https:\/\/www.bezhlavi.cz\/author\/#Person","name":"","url":"https:\/\/www.bezhlavi.cz\/author\/","identifier":1,"image":{"@type":"ImageObject","@id":"https:\/\/secure.gravatar.com\/avatar\/89f417dfbb336d235b856435ef935ffa51c2f646edc1f5c4e6fccf32a9c88173?s=96&d=mm&r=g","url":"https:\/\/secure.gravatar.com\/avatar\/89f417dfbb336d235b856435ef935ffa51c2f646edc1f5c4e6fccf32a9c88173?s=96&d=mm&r=g","height":96,"width":96}},"publisher":{"@type":"Organization","name":"bezhlavi.cz","logo":{"@type":"ImageObject","@id":"\/logo.png","url":"\/logo.png","width":600,"height":60}},"image":{"@type":"ImageObject","@id":"https:\/\/www.bezhlavi.cz\/wp-content\/uploads\/vodarna9_cfieGH.png","url":"https:\/\/www.bezhlavi.cz\/wp-content\/uploads\/vodarna9_cfieGH.png","height":0,"width":0},"wordCount":992,"keywords":null},{"@type":"Article","@id":"https:\/\/www.bezhlavi.cz\/rozmanite-mnozstvi-aktivit\/","headline":"Rozmanit\u00e9 mno\u017estv\u00ed aktivit","url":"https:\/\/www.bezhlavi.cz\/rozmanite-mnozstvi-aktivit\/","datePublished":"2025-07-07","dateModified":"2025-07-07","mainEntityOfPage":"https:\/\/www.bezhlavi.cz\/rozmanite-mnozstvi-aktivit\/","author":{"@type":"Person","@id":"https:\/\/www.bezhlavi.cz\/author\/#Person","name":"","url":"https:\/\/www.bezhlavi.cz\/author\/","identifier":1,"image":{"@type":"ImageObject","@id":"https:\/\/secure.gravatar.com\/avatar\/89f417dfbb336d235b856435ef935ffa51c2f646edc1f5c4e6fccf32a9c88173?s=96&d=mm&r=g","url":"https:\/\/secure.gravatar.com\/avatar\/89f417dfbb336d235b856435ef935ffa51c2f646edc1f5c4e6fccf32a9c88173?s=96&d=mm&r=g","height":96,"width":96}},"publisher":{"@type":"Organization","name":"bezhlavi.cz","logo":{"@type":"ImageObject","@id":"\/logo.png","url":"\/logo.png","width":600,"height":60}},"image":null,"wordCount":219,"keywords":null},{"@type":"Article","@id":"https:\/\/www.bezhlavi.cz\/menime-bazen-v-kouzelne-misto-plne-her\/","headline":"M\u011bn\u00edme baz\u00e9n v kouzeln\u00e9 m\u00edsto pln\u00e9 her","url":"https:\/\/www.bezhlavi.cz\/menime-bazen-v-kouzelne-misto-plne-her\/","datePublished":"2025-07-05","dateModified":"2025-07-05","mainEntityOfPage":"https:\/\/www.bezhlavi.cz\/menime-bazen-v-kouzelne-misto-plne-her\/","author":{"@type":"Person","@id":"https:\/\/www.bezhlavi.cz\/author\/#Person","name":"","url":"https:\/\/www.bezhlavi.cz\/author\/","identifier":1,"image":{"@type":"ImageObject","@id":"https:\/\/secure.gravatar.com\/avatar\/89f417dfbb336d235b856435ef935ffa51c2f646edc1f5c4e6fccf32a9c88173?s=96&d=mm&r=g","url":"https:\/\/secure.gravatar.com\/avatar\/89f417dfbb336d235b856435ef935ffa51c2f646edc1f5c4e6fccf32a9c88173?s=96&d=mm&r=g","height":96,"width":96}},"publisher":{"@type":"Organization","name":"bezhlavi.cz","logo":{"@type":"ImageObject","@id":"\/logo.png","url":"\/logo.png","width":600,"height":60}},"image":{"@type":"ImageObject","@id":"https:\/\/www.bezhlavi.cz\/wp-content\/uploads\/sunglasses-1850648_640_10_10_10_10_10_10_9.jpg","url":"https:\/\/www.bezhlavi.cz\/wp-content\/uploads\/sunglasses-1850648_640_10_10_10_10_10_10_9.jpg","height":0,"width":0},"wordCount":623,"keywords":null},{"@type":"Article","@id":"https:\/\/www.bezhlavi.cz\/interier-v-pestrem-slozeni\/","headline":"Interi\u00e9r v pestr\u00e9m slo\u017een\u00ed","url":"https:\/\/www.bezhlavi.cz\/interier-v-pestrem-slozeni\/","datePublished":"2025-07-02","dateModified":"2025-07-02","mainEntityOfPage":"https:\/\/www.bezhlavi.cz\/interier-v-pestrem-slozeni\/","author":{"@type":"Person","@id":"https:\/\/www.bezhlavi.cz\/author\/#Person","name":"","url":"https:\/\/www.bezhlavi.cz\/author\/","identifier":1,"image":{"@type":"ImageObject","@id":"https:\/\/secure.gravatar.com\/avatar\/89f417dfbb336d235b856435ef935ffa51c2f646edc1f5c4e6fccf32a9c88173?s=96&d=mm&r=g","url":"https:\/\/secure.gravatar.com\/avatar\/89f417dfbb336d235b856435ef935ffa51c2f646edc1f5c4e6fccf32a9c88173?s=96&d=mm&r=g","height":96,"width":96}},"publisher":{"@type":"Organization","name":"bezhlavi.cz","logo":{"@type":"ImageObject","@id":"\/logo.png","url":"\/logo.png","width":600,"height":60}},"image":null,"wordCount":199,"keywords":null},{"@type":"Article","@id":"https:\/\/www.bezhlavi.cz\/reseni-pro-vsechny-bez-rozdilu\/","headline":"\u0158e\u0161en\u00ed pro v\u0161echny bez rozd\u00edlu","url":"https:\/\/www.bezhlavi.cz\/reseni-pro-vsechny-bez-rozdilu\/","datePublished":"2025-06-25","dateModified":"2025-06-25","mainEntityOfPage":"https:\/\/www.bezhlavi.cz\/reseni-pro-vsechny-bez-rozdilu\/","author":{"@type":"Person","@id":"https:\/\/www.bezhlavi.cz\/author\/#Person","name":"","url":"https:\/\/www.bezhlavi.cz\/author\/","identifier":1,"image":{"@type":"ImageObject","@id":"https:\/\/secure.gravatar.com\/avatar\/89f417dfbb336d235b856435ef935ffa51c2f646edc1f5c4e6fccf32a9c88173?s=96&d=mm&r=g","url":"https:\/\/secure.gravatar.com\/avatar\/89f417dfbb336d235b856435ef935ffa51c2f646edc1f5c4e6fccf32a9c88173?s=96&d=mm&r=g","height":96,"width":96}},"publisher":{"@type":"Organization","name":"bezhlavi.cz","logo":{"@type":"ImageObject","@id":"\/logo.png","url":"\/logo.png","width":600,"height":60}},"image":null,"wordCount":206,"keywords":null},{"@type":"Article","@id":"https:\/\/www.bezhlavi.cz\/abyste-se-meli-lepe\/","headline":"Abyste se m\u011bli l\u00e9pe","url":"https:\/\/www.bezhlavi.cz\/abyste-se-meli-lepe\/","datePublished":"2025-06-17","dateModified":"2025-06-17","mainEntityOfPage":"https:\/\/www.bezhlavi.cz\/abyste-se-meli-lepe\/","author":{"@type":"Person","@id":"https:\/\/www.bezhlavi.cz\/author\/#Person","name":"","url":"https:\/\/www.bezhlavi.cz\/author\/","identifier":1,"image":{"@type":"ImageObject","@id":"https:\/\/secure.gravatar.com\/avatar\/89f417dfbb336d235b856435ef935ffa51c2f646edc1f5c4e6fccf32a9c88173?s=96&d=mm&r=g","url":"https:\/\/secure.gravatar.com\/avatar\/89f417dfbb336d235b856435ef935ffa51c2f646edc1f5c4e6fccf32a9c88173?s=96&d=mm&r=g","height":96,"width":96}},"publisher":{"@type":"Organization","name":"bezhlavi.cz","logo":{"@type":"ImageObject","@id":"\/logo.png","url":"\/logo.png","width":600,"height":60}},"image":null,"wordCount":239,"keywords":null},{"@type":"Article","@id":"https:\/\/www.bezhlavi.cz\/budte-originalni\/","headline":"Bu\u010fte origin\u00e1ln\u00ed","url":"https:\/\/www.bezhlavi.cz\/budte-originalni\/","datePublished":"2025-06-13","dateModified":"2025-06-13","mainEntityOfPage":"https:\/\/www.bezhlavi.cz\/budte-originalni\/","author":{"@type":"Person","@id":"https:\/\/www.bezhlavi.cz\/author\/#Person","name":"","url":"https:\/\/www.bezhlavi.cz\/author\/","identifier":1,"image":{"@type":"ImageObject","@id":"https:\/\/secure.gravatar.com\/avatar\/89f417dfbb336d235b856435ef935ffa51c2f646edc1f5c4e6fccf32a9c88173?s=96&d=mm&r=g","url":"https:\/\/secure.gravatar.com\/avatar\/89f417dfbb336d235b856435ef935ffa51c2f646edc1f5c4e6fccf32a9c88173?s=96&d=mm&r=g","height":96,"width":96}},"publisher":{"@type":"Organization","name":"bezhlavi.cz","logo":{"@type":"ImageObject","@id":"\/logo.png","url":"\/logo.png","width":600,"height":60}},"image":null,"wordCount":209,"keywords":null}]},{"@context":"https:\/\/schema.org","@type":"WebSite","@id":"https:\/\/www.bezhlavi.cz\/#website","name":"Bezhlav\u00ed","url":"https:\/\/www.bezhlavi.cz","potentialAction":{"@type":"SearchAction","target":"https:\/\/www.bezhlavi.cz\/?s={search_term_string}","query-input":"required name=search_term_string"}}]