[{"@context":"https:\/\/schema.org\/","@type":"Article","@id":"https:\/\/www.bezhlavi.cz\/prichazi-na-cas-na-vanocni-vyzdobu\/#Article","mainEntityOfPage":"https:\/\/www.bezhlavi.cz\/prichazi-na-cas-na-vanocni-vyzdobu\/","headline":"P\u0159ich\u00e1z\u00ed na \u010das na v\u00e1no\u010dn\u00ed v\u00fdzdobu!","name":"P\u0159ich\u00e1z\u00ed na \u010das na v\u00e1no\u010dn\u00ed v\u00fdzdobu!","description":"Ka\u017ed\u00fd rok si \u0159ada z n\u00e1s l\u00e1me hlavu, \u010d\u00edm vyzdobit sv\u016fj d\u016fm \u010di zahradu. Jen\u017ee dekorace v zahradnictv\u00ed a specializovan\u00fdch obchodech jsou rok od roku dra\u017e\u0161\u00ed. Mo\u017en\u00e1 je ten spr\u00e1vn\u00fd \u010das probudit v sob\u011b nad\u00e1n\u00ed pro ru\u010dn\u00ed pr\u00e1ce a vytvo\u0159it si neot\u0159el\u00e9 dekorace, kter\u00e9 zaujmou. Ale hlavn\u011b z nich budete m\u00edt o to v\u011bt\u0161\u00ed radost, [&hellip;]","datePublished":"2021-09-10","dateModified":"2023-05-06","author":{"@type":"Person","@id":"https:\/\/www.bezhlavi.cz\/author\/#Person","name":"","url":"https:\/\/www.bezhlavi.cz\/author\/","identifier":1,"image":{"@type":"ImageObject","@id":"https:\/\/secure.gravatar.com\/avatar\/89f417dfbb336d235b856435ef935ffa51c2f646edc1f5c4e6fccf32a9c88173?s=96&d=mm&r=g","url":"https:\/\/secure.gravatar.com\/avatar\/89f417dfbb336d235b856435ef935ffa51c2f646edc1f5c4e6fccf32a9c88173?s=96&d=mm&r=g","height":96,"width":96}},"publisher":{"@type":"Organization","name":"bezhlavi.cz","logo":{"@type":"ImageObject","@id":"\/logo.png","url":"\/logo.png","width":600,"height":60}},"image":{"@type":"ImageObject","@id":"https:\/\/www.bezhlavi.cz\/wp-content\/uploads\/pexels-cottonbro-6063461.jpg","url":"https:\/\/www.bezhlavi.cz\/wp-content\/uploads\/pexels-cottonbro-6063461.jpg","height":0,"width":0},"url":"https:\/\/www.bezhlavi.cz\/prichazi-na-cas-na-vanocni-vyzdobu\/","about":["Zbo\u017e\u00ed"],"wordCount":442,"articleBody":"   Ka\u017ed\u00fd rok si \u0159ada z n\u00e1s l\u00e1me hlavu, \u010d\u00edm vyzdobit sv\u016fj d\u016fm \u010di zahradu. Jen\u017ee dekorace v zahradnictv\u00ed a specializovan\u00fdch obchodech jsou rok od roku dra\u017e\u0161\u00ed. Mo\u017en\u00e1 je ten spr\u00e1vn\u00fd \u010das probudit v sob\u011b nad\u00e1n\u00ed pro ru\u010dn\u00ed pr\u00e1ce a vytvo\u0159it si neot\u0159el\u00e9 dekorace, kter\u00e9 zaujmou. Ale hlavn\u011b z nich budete m\u00edt o to v\u011bt\u0161\u00ed radost, \u017ee budou jedine\u010dn\u00e9 a va\u0161e. Posta\u010d\u00ed v\u00e1m p\u00e1r smrkov\u00fdch v\u011btv\u00ed, \u0161i\u0161ek a pot\u0159eby pro aran\u017eov\u00e1n\u00ed https:\/\/www.lepaso.cz\/Floristicke-potreby-c3_0_1.htm. Tak\u00e9 ka\u017ed\u00fd rok marn\u011b p\u0159em\u00fd\u0161l\u00edte, jak letos vyzdob\u00edte interi\u00e9r v p\u0159edv\u00e1no\u010dn\u00edm \u010dase? \u0158ada z n\u00e1s to nakonec vzd\u00e1 a zav\u00edt\u00e1 do specializovan\u00fdch obchod\u016f, kde se mnohdy neboj\u00ed utratit nemal\u00e9 jm\u011bn\u00ed. Ov\u0161em trendy se s ka\u017ed\u00fdm rokem m\u011bn\u00ed a v\u00fdzdoba, kter\u00e1 d\u011blala par\u00e1du lo\u0148sk\u00e9 V\u00e1noce, u\u017e v t\u011bch dal\u0161\u00edch asi p\u0159\u00edli\u0161 neobstoj\u00ed. V\u00e1no\u010dn\u00ed aran\u017em\u00e1 pat\u0159\u00ed mezi ty cenov\u011b nejm\u00e9n\u011b dostupn\u00e9 a mnohdy se n\u00e1m m\u016f\u017ee p\u0159i jejich koupi doslova prot\u00e1\u010det panenky. Te\u010f je pot\u0159eba si polo\u017eit ot\u00e1zku, zda je to pot\u0159eba? Adventn\u00ed v\u011bnecMezi nejtypi\u010dt\u011bj\u0161\u00ed symboly p\u0159edv\u00e1no\u010dn\u00edho \u010dasu pat\u0159\u00ed adventn\u00ed v\u011bnec. I kdy\u017e se jedn\u00e1 o typicky k\u0159es\u0165ansk\u00fd zvyk k symbolick\u00e9mu odpo\u010d\u00edt\u00e1v\u00e1n\u00ed \u010dty\u0159 t\u00fddn\u016f do adventu, m\u016f\u017eeme ho naj\u00edt na stolech jak v\u011b\u0159\u00edc\u00edch tak nev\u011b\u0159\u00edc\u00edch dom\u00e1cnost\u00ed. Tento zvyk v z\u00e1padn\u00ed Evrop\u011b u\u017e jaksi zdom\u00e1cn\u011bl a nen\u00ed se tak \u010demu divit, \u017ee pr\u00e1v\u011b adventn\u00ed v\u011bnce jsou \u010dast\u00fdm artiklem v p\u0159edv\u00e1no\u010dn\u00edm \u010dase. V\u011bne\u010dek s \u010derstv\u00fdm jehli\u010d\u00edm bohat\u011b zdoben\u00fd su\u0161en\u00fdmi pomeran\u010di, sko\u0159ic\u00ed \u010di \u0161i\u0161ek n\u00e1m kr\u00e1sn\u011b ovon\u00ed cel\u00fd d\u016fm. Jen\u017ee ta jeho cena! Pro\u010d se tedy letos nepokusit o vlastn\u00ed v\u00fdtvor, kter\u00fd mo\u017en\u00e1 nebude v\u00edt\u011bzit na sout\u011b\u017e\u00edch kr\u00e1sy, ale zase bude v\u00e1\u0161. V\u00fdzdoba v oknechMu\u0161k\u00e1ty u\u017e d\u00e1vno zmizely z oken a parapety jsou te\u010f smutn\u011b pr\u00e1zdn\u00e9. Zimn\u00ed aran\u017em\u00e1 dok\u00e1\u017ee do va\u0161ich oken vn\u00e9st zimn\u00ed atmosf\u00e9ru a odli\u0161it je tak od stovky jin\u00fdch. I zde si vysta\u010d\u00edte s jehli\u010d\u00edm, \u0161i\u0161kami \u010di jin\u00fdm aran\u017em\u00e1, kter\u00e9 posb\u00edr\u00e1te v lese nebo si ho koup\u00edte v obchod\u011b.                                                                                                                                                                                                                                                                                                                                                                                           4.5\/5 - (4 votes)        "},{"@context":"https:\/\/schema.org\/","@type":"BreadcrumbList","itemListElement":[{"@type":"ListItem","position":1,"name":"P\u0159ich\u00e1z\u00ed na \u010das na v\u00e1no\u010dn\u00ed v\u00fdzdobu!","item":"https:\/\/www.bezhlavi.cz\/prichazi-na-cas-na-vanocni-vyzdobu\/#breadcrumbitem"}]}]