[{"@context":"https:\/\/schema.org\/","@type":"Article","@id":"https:\/\/www.bezhlavi.cz\/proc-si-nechat-vybelit-zuby\/#Article","mainEntityOfPage":"https:\/\/www.bezhlavi.cz\/proc-si-nechat-vybelit-zuby\/","headline":"Pro\u010d si nechat vyb\u011blit zuby","name":"Pro\u010d si nechat vyb\u011blit zuby","description":"Ur\u010dit\u011b v\u0161ichni z n\u00e1s v\u00edte, co je ned\u016fle\u017eit\u011bj\u0161\u00ed p\u0159i kontaktu s \u010dlov\u011bkem. Jen si p\u0159edstavte situaci, \u017ee potk\u00e1te n\u011bkoho nap\u0159\u00edklad v pr\u00e1ci a on se na v\u00e1s usm\u011bje. A co ud\u011bl\u00e1te jako prvn\u00ed? Samoz\u0159ejm\u011b, \u017ee v\u00e1s zaujme, \u017ee se na v\u00e1s n\u011bkdo usm\u00e1l, ale taky v\u00e1s zaujmou p\u0159i prvn\u00edm pohledu jeho zuby. Mnoho lid\u00ed si [&hellip;]","datePublished":"2022-09-19","dateModified":"2023-05-06","author":{"@type":"Person","@id":"https:\/\/www.bezhlavi.cz\/author\/#Person","name":"","url":"https:\/\/www.bezhlavi.cz\/author\/","identifier":1,"image":{"@type":"ImageObject","@id":"https:\/\/secure.gravatar.com\/avatar\/89f417dfbb336d235b856435ef935ffa51c2f646edc1f5c4e6fccf32a9c88173?s=96&d=mm&r=g","url":"https:\/\/secure.gravatar.com\/avatar\/89f417dfbb336d235b856435ef935ffa51c2f646edc1f5c4e6fccf32a9c88173?s=96&d=mm&r=g","height":96,"width":96}},"publisher":{"@type":"Organization","name":"bezhlavi.cz","logo":{"@type":"ImageObject","@id":"\/logo.png","url":"\/logo.png","width":600,"height":60}},"image":{"@type":"ImageObject","@id":"https:\/\/www.bezhlavi.cz\/wp-content\/uploads\/smile-191626_960_720_1.jpg","url":"https:\/\/www.bezhlavi.cz\/wp-content\/uploads\/smile-191626_960_720_1.jpg","height":0,"width":0},"url":"https:\/\/www.bezhlavi.cz\/proc-si-nechat-vybelit-zuby\/","about":["Business"],"wordCount":454,"articleBody":"     Ur\u010dit\u011b v\u0161ichni z n\u00e1s v\u00edte, co je ned\u016fle\u017eit\u011bj\u0161\u00ed p\u0159i kontaktu s \u010dlov\u011bkem. Jen si p\u0159edstavte situaci, \u017ee potk\u00e1te n\u011bkoho nap\u0159\u00edklad v pr\u00e1ci a on se na v\u00e1s usm\u011bje. A co ud\u011bl\u00e1te jako prvn\u00ed? Samoz\u0159ejm\u011b, \u017ee v\u00e1s zaujme, \u017ee se na v\u00e1s n\u011bkdo usm\u00e1l, ale taky v\u00e1s zaujmou p\u0159i prvn\u00edm pohledu jeho zuby. Mnoho lid\u00ed si to mo\u017en\u00e1 ani dost neuv\u011bdomuje, ale zuby jsou vizitkou ka\u017ed\u00e9ho \u010dlov\u011bka a proto bychom se o n\u011b m\u011bli starat, jak nejl\u00e9pe dok\u00e1\u017eeme. N\u011bkte\u0159\u00ed lidi to moc ne\u0159e\u0161\u00ed, ale podle m\u011b je to opravdu \u0161patn\u011b, proto\u017ee na zuby se v dne\u0161n\u00ed dob\u011b a v dne\u0161n\u00ed spole\u010dnosti klade opravdu hodn\u011b velk\u00fd d\u016fraz.  A to mi v\u011b\u0159te. Kdy\u017e v\u00e1m n\u011bkdo \u0159ekne, \u017ee ho p\u0159i prvn\u00edm kontaktu s \u010dlov\u011bkem nezaujmou zuby, tak l\u017ee a opravdu mu nev\u011b\u0159te, proto\u017ee to nen\u00ed pravda. A je tak\u00e9 nutn\u00e9 zm\u00ednit, \u017ee ka\u017ed\u00fd m\u00e1me jin\u00e9 zuby. N\u011bkdo je m\u00e1 tendenci m\u00edt v\u00edce b\u00edl\u00e9, n\u011bkdo zase \u00fapln\u011b b\u00edl\u00e9 od p\u0159\u00edrody nem\u00e1. Ale i tak &#8211; o zuby prost\u011b mus\u00edme pe\u010dovat. Pokud si je toti\u017e nebudeme pravideln\u011b \u010distit a pe\u010dovat o n\u011b, m\u016f\u017ee se tak\u00e9 velmi rychle st\u00e1t, \u017ee se n\u00e1m na zubech objev\u00ed kazy, potom u\u017e je ta n\u00e1prava zub\u016f slo\u017eit\u011bj\u0161\u00ed. V mnoha p\u0159\u00edpadech se, pokud m\u00e1te v zubech kazy, mus\u00ed nandat plomby a to u\u017e nen\u00ed \u017e\u00e1dn\u00e1 legrace a \u010dlov\u011bka to opravdu po\u0159\u00e1dn\u011b na\u0161tve.  A co m\u016f\u017eete d\u011blat, pokud prost\u011b od p\u0159\u00edrody tak kr\u00e1sn\u011b b\u00edl\u00e9 zuby nem\u00e1te, i kdy\u017e si je \u010dist\u00edte t\u0159ikr\u00e1t denn\u011b (r\u00e1no, v poledne a ve\u010der)? M\u00e1m pro v\u00e1s jedno \u0159e\u0161en\u00ed, kter\u00e9 se v\u00e1m podle m\u00e9ho n\u00e1zoru ur\u010dit\u011b zal\u00edb\u00ed a bude v\u00e1m p\u0159ipadat rozumn\u00e9, pokud chcete m\u00edt svoje zuby b\u00edl\u00e9 jako ty perli\u010dky. Prost\u011b sn\u011bhov\u011b b\u00edl\u00e9. B\u011blen\u00ed zub\u016f je toti\u017e zp\u016fsob, jak svoje zuby m\u016f\u017eete m\u00edt opravdu n\u00e1dhern\u011b sn\u011bhov\u011b b\u00edl\u00e9. Ur\u010dit\u011b to n\u011bco bude st\u00e1t, ale mysl\u00edm si, \u017ee za ty n\u00e1dhern\u011b b\u00edl\u00e9 zuby, kter\u00e9 okouzl\u00ed \u00fapln\u011b ka\u017ed\u00e9ho, to p\u0159ece stoj\u00ed, nebo si mysl\u00edte, \u017ee ne? Pokud v\u00e1h\u00e1te nad t\u00edm, jestli do b\u011blen\u00ed zub\u016finvestovat, ur\u010dit\u011b \u0159\u00edk\u00e1m ano. V\u011b\u0159te mi.                                                                                                                                                                                                                                                                                                                                                                                         4.6\/5 - (9 votes)        "},{"@context":"https:\/\/schema.org\/","@type":"BreadcrumbList","itemListElement":[{"@type":"ListItem","position":1,"name":"Pro\u010d si nechat vyb\u011blit zuby","item":"https:\/\/www.bezhlavi.cz\/proc-si-nechat-vybelit-zuby\/#breadcrumbitem"}]}]